{"id":1927,"date":"2023-10-07T09:48:00","date_gmt":"2023-10-07T11:48:00","guid":{"rendered":"https:\/\/www.robert-hummel.de\/?p=1927"},"modified":"2023-10-07T10:06:21","modified_gmt":"2023-10-07T12:06:21","slug":"der-zuerich-krimi-borchert-und-der-mord-ohne-suehne","status":"publish","type":"post","link":"https:\/\/www.robert-hummel.de\/?p=1927","title":{"rendered":"&#8222;Der Z\u00fcrich-Krimi: Borchert und der Mord ohne S\u00fchne&#8220;"},"content":{"rendered":"\n<figure class=\"wp-block-image size-large\"><img loading=\"lazy\" decoding=\"async\" width=\"1024\" height=\"706\" src=\"https:\/\/www.robert-hummel.de\/wp-content\/uploads\/2023\/10\/DZK18-Borchert-ARD-Degeto-Martin-Mlaka-1024x706.jpg\" alt=\"\" class=\"wp-image-1928\" srcset=\"https:\/\/www.robert-hummel.de\/wp-content\/uploads\/2023\/10\/DZK18-Borchert-ARD-Degeto-Martin-Mlaka-1024x706.jpg 1024w, https:\/\/www.robert-hummel.de\/wp-content\/uploads\/2023\/10\/DZK18-Borchert-ARD-Degeto-Martin-Mlaka-300x207.jpg 300w, https:\/\/www.robert-hummel.de\/wp-content\/uploads\/2023\/10\/DZK18-Borchert-ARD-Degeto-Martin-Mlaka-768x530.jpg 768w, https:\/\/www.robert-hummel.de\/wp-content\/uploads\/2023\/10\/DZK18-Borchert-ARD-Degeto-Martin-Mlaka-1536x1060.jpg 1536w, https:\/\/www.robert-hummel.de\/wp-content\/uploads\/2023\/10\/DZK18-Borchert-ARD-Degeto-Martin-Mlaka-2048x1413.jpg 2048w, https:\/\/www.robert-hummel.de\/wp-content\/uploads\/2023\/10\/DZK18-Borchert-ARD-Degeto-Martin-Mlaka-1200x828.jpg 1200w\" sizes=\"auto, (max-width: 709px) 85vw, (max-width: 909px) 67vw, (max-width: 1362px) 62vw, 840px\" \/><figcaption class=\"wp-element-caption\">Anwalt Borchert (Christian Kohlund)  \u00a9 ARD Degeto\/Martin Mlaka<\/figcaption><\/figure>\n\n\n\n<p class=\"has-text-align-left\">Am 26. Oktober 2023 um 20:15 Uhr in der ARD: &#8222;<a href=\"https:\/\/www.daserste.de\/unterhaltung\/film\/der-zuerich-krimi\/sendung\/der-zuerich-krimi-borchert-und-der-mord-ohne-suehne-100.html\" data-type=\"link\" data-id=\"https:\/\/www.daserste.de\/unterhaltung\/film\/der-zuerich-krimi\/sendung\/der-zuerich-krimi-borchert-und-der-mord-ohne-suehne-100.html\"><strong>Der Z\u00fcrich-Krimi: Borchert und der Mord ohne S\u00fchne<\/strong><\/a>&#8222;. Borcherts Mandant wird von der Polizei gejagt, angeblich wollte er die M\u00f6rderin seiner Tochter t\u00f6ten. Denn die M\u00f6rderin ist zwar der Tat \u00fcberf\u00fchrt, kann jedoch nicht mehr angeklagt werden, das verhindert der Rechtsgrundsatz &#8222;nebis in idem&#8220; (nie zweimal in derselben Sache). Borchert und Dominique wollen nicht nur ihrem Mandanten helfen, sondern auch noch sp\u00e4te Gerechtigkeit herstellen &#8211; doch wie? Produktion: GrafFilm, Annemarie Pilgram, Klaus Graf, Redaktion: Diane Wurzschmitt, Regie: Connie Walther, <strong>Drehbuch: Robert Hummel<\/strong>. <\/p>\n","protected":false},"excerpt":{"rendered":"<p>Am 26. Oktober 2023 um 20:15 Uhr in der ARD: &#8222;Der Z\u00fcrich-Krimi: Borchert und der Mord ohne S\u00fchne&#8222;. Borcherts Mandant wird von der Polizei gejagt, angeblich wollte er die M\u00f6rderin seiner Tochter t\u00f6ten. Denn die M\u00f6rderin ist zwar der Tat \u00fcberf\u00fchrt, kann jedoch nicht mehr angeklagt werden, das verhindert der Rechtsgrundsatz &#8222;nebis in idem&#8220; (nie &hellip; <a href=\"https:\/\/www.robert-hummel.de\/?p=1927\" class=\"more-link\"><span class=\"screen-reader-text\">\u201e&#8222;Der Z\u00fcrich-Krimi: Borchert und der Mord ohne S\u00fchne&#8220;\u201c <\/span>weiterlesen<\/a><\/p>\n","protected":false},"author":1,"featured_media":0,"comment_status":"closed","ping_status":"open","sticky":false,"template":"","format":"standard","meta":{"footnotes":""},"categories":[1],"tags":[],"class_list":["post-1927","post","type-post","status-publish","format-standard","hentry","category-allgemein"],"_links":{"self":[{"href":"https:\/\/www.robert-hummel.de\/index.php?rest_route=\/wp\/v2\/posts\/1927","targetHints":{"allow":["GET"]}}],"collection":[{"href":"https:\/\/www.robert-hummel.de\/index.php?rest_route=\/wp\/v2\/posts"}],"about":[{"href":"https:\/\/www.robert-hummel.de\/index.php?rest_route=\/wp\/v2\/types\/post"}],"author":[{"embeddable":true,"href":"https:\/\/www.robert-hummel.de\/index.php?rest_route=\/wp\/v2\/users\/1"}],"replies":[{"embeddable":true,"href":"https:\/\/www.robert-hummel.de\/index.php?rest_route=%2Fwp%2Fv2%2Fcomments&post=1927"}],"version-history":[{"count":3,"href":"https:\/\/www.robert-hummel.de\/index.php?rest_route=\/wp\/v2\/posts\/1927\/revisions"}],"predecessor-version":[{"id":1934,"href":"https:\/\/www.robert-hummel.de\/index.php?rest_route=\/wp\/v2\/posts\/1927\/revisions\/1934"}],"wp:attachment":[{"href":"https:\/\/www.robert-hummel.de\/index.php?rest_route=%2Fwp%2Fv2%2Fmedia&parent=1927"}],"wp:term":[{"taxonomy":"category","embeddable":true,"href":"https:\/\/www.robert-hummel.de\/index.php?rest_route=%2Fwp%2Fv2%2Fcategories&post=1927"},{"taxonomy":"post_tag","embeddable":true,"href":"https:\/\/www.robert-hummel.de\/index.php?rest_route=%2Fwp%2Fv2%2Ftags&post=1927"}],"curies":[{"name":"wp","href":"https:\/\/api.w.org\/{rel}","templated":true}]}}